{"id":1672,"date":"2026-09-05T11:02:06","date_gmt":"2026-09-05T09:02:06","guid":{"rendered":"https:\/\/mbrdlugoszyn.pl\/?p=1672"},"modified":"2026-09-05T11:02:06","modified_gmt":"2026-09-05T09:02:06","slug":"intencje-06-wrzesnia-2026-r","status":"publish","type":"post","link":"https:\/\/mbrdlugoszyn.pl\/?p=1672","title":{"rendered":"Intencje &#8211; 06 wrze\u015bnia 2026 r."},"content":{"rendered":"\n<figure class=\"wp-block-table\"><table class=\"has-fixed-layout\"><tbody><tr><td colspan=\"3\"><strong>XXIII Niedziela Zwyk\u0142a&nbsp; &#8211;&nbsp; 06.09.2026<\/strong><strong><\/strong><\/td><\/tr><tr><td><strong>8<sup>30<\/sup><\/strong><strong><\/strong><\/td><td><strong>DROGOMIN<\/strong><strong> <\/strong><strong><\/strong><\/td><td><strong>+Marian i ++ z rodziny KIERZEK<\/strong><\/td><\/tr><tr><td><strong>10<sup>00<\/sup><\/strong><strong><\/strong><\/td><td><strong>BRZE\u0179NO<\/strong><\/td><td><strong>+Stefania KONOPSKA \u2013 w przypadaj\u0105ce imieniny oraz +Zofia BAKOWICZ \u2013 w rocznic\u0119 \u015bmierci<\/strong><\/td><\/tr><tr><td><strong>11<sup>30<\/sup><\/strong><strong><\/strong><\/td><td><strong>D\u0141UGOSZYN<\/strong><strong><\/strong><\/td><td><strong>+Tomasz GROCHOWSKI, +Stefania, W\u0142adys\u0142aw SAJA, +Karol, Stanis\u0142awa \u015aCIESZKA, ++ z tych rodzin<\/strong><\/td><\/tr><tr><td><strong>13<sup>00<\/sup><\/strong><strong><\/strong><\/td><td><strong>TRZEB\u00d3W<\/strong><strong><\/strong><\/td><td><strong>+Danuta KOWALCZYK \u2013 w 2m-ce po \u015bmierci \u2013 intencja od uczestnik\u00f3w Mszy \u015bw. pogrzebowej<\/strong><\/td><\/tr><tr><td colspan=\"3\"><strong>Poniedzia\u0142ek&nbsp; \u2013 07.09.2026<\/strong><strong><\/strong><\/td><\/tr><tr><td><strong>&#8212;&#8211;<\/strong><strong><\/strong><\/td><td><strong>&#8212;&#8212;&#8212;&#8212;-<\/strong><strong><\/strong><\/td><td><strong>&#8212;&#8212;&#8212;&#8212;&#8212;&#8212;&#8212;&#8212;&#8212;&#8212;&#8212;&#8212;&#8212;&#8212;&#8212;&#8212;&#8212;&#8212;&#8212;&#8212;&#8212;&#8212;&#8212;&#8212;&#8212;&#8212;&#8212;&#8212;&#8212;&#8212;&#8212;&#8212;&#8212;&#8212;&#8211;<\/strong><\/td><\/tr><tr><td colspan=\"3\"><strong>Wtorek&nbsp; &#8211; <\/strong><strong>&nbsp;08.09.2026<\/strong><\/td><\/tr><tr><td><strong>18<sup>00<\/sup><\/strong><strong><\/strong><\/td><td><strong>BRZE\u0179NO<\/strong><\/td><td><strong>O mi\u0142osierdzie Bo\u017ce i rado\u015b\u0107 \u017cycia wiecznego dla Marka LECHA \u2013 z okazji przypadaj\u0105cych urodzin<\/strong><\/td><\/tr><tr><td colspan=\"3\"><strong>\u015aroda&nbsp; &#8211; 09.09.2026<\/strong><\/td><\/tr><tr><td><strong>18<sup>00<\/sup><\/strong><strong><\/strong><\/td><td><strong>D\u0141UGOSZYN<\/strong><strong><\/strong><\/td><td><strong>+Dariusz DOMINIAK \u2013 w m-c po \u015bmierci, od uczestnik\u00f3w Mszy \u015bw. pogrzebowej<\/strong><\/td><\/tr><tr><td colspan=\"3\"><strong>Czwartek&nbsp; &#8211;&nbsp; <\/strong><strong>10.09.2026<\/strong><\/td><\/tr><tr><td><strong>18<sup>00<\/sup><\/strong><strong><\/strong><\/td><td><strong>DROGOMIN<\/strong><strong><\/strong><\/td><td><strong>&nbsp;<\/strong><\/td><\/tr><tr><td colspan=\"3\"><strong>Pi\u0105tek&nbsp; &#8211;&nbsp; 11.09.2026<\/strong><\/td><\/tr><tr><td><strong>18<sup>00<\/sup><\/strong><strong><\/strong><\/td><td><strong>TRZEB\u00d3W<\/strong><strong><\/strong><\/td><td><strong>&nbsp;<\/strong><\/td><\/tr><tr><td colspan=\"3\"><strong>Sobota\u00a0 &#8211;\u00a0 12.09.2026<\/strong><\/td><\/tr><tr><td><strong>18<sup>00<\/sup><\/strong><strong><\/strong><\/td><td><strong>D\u0141UGOSZYN<\/strong><strong><\/strong><\/td><td><strong>W intencji Nikodema i jego rodzic\u00f3w \u2013 o Bo\u017ce b\u0142ogos\u0142aw. i potrzebne im \u0142aski<\/strong><\/td><\/tr><tr><td colspan=\"3\"><strong>XXIV Niedziela Zwyk\u0142a&nbsp; &#8211;&nbsp; 13.09.2026<\/strong><\/td><\/tr><tr><td><strong>8<sup>30<\/sup><\/strong><strong><\/strong><\/td><td><strong>DROGOMIN<\/strong><strong><\/strong><\/td><td><strong>+Maria, Zofia OTWINOWSKIE, ++ z rodziny KIERZEK, KNYSZ i OGONOWSKICH<\/strong><\/td><\/tr><tr><td><strong>10<sup>00<\/sup><\/strong><strong><\/strong><\/td><td><strong>BRZE\u0179NO<\/strong><\/td><td><strong>+Leokadia, Ryszard LELIGDOWICZ, +Rozalia, Maria, Serafin, Mieczys\u0142aw MATUSZAK<\/strong><\/td><\/tr><tr><td><strong>11<sup>30<\/sup><\/strong><strong><\/strong><\/td><td><strong>D\u0141UGOSZYN<\/strong><strong><\/strong><\/td><td><strong>+Marianna CHOWOJ \u2013 w 30 rocznic\u0119 \u015bmierci, wszyscy ++ z rodziny \u2013 intencja od c\u00f3rki oraz +Dariusz<\/strong><\/td><\/tr><tr><td><strong>13<sup>00<\/sup><\/strong><strong><\/strong><\/td><td><strong>TRZEB\u00d3W<\/strong><strong><\/strong><\/td><td><strong>+J\u00f3zef, Anna, Piotr, Maria, Stanis\u0142aw, Marek, Adam CIEPLAK oraz ++ z rodzin DZIADAS i JACYKOWSKICH<\/strong><\/td><\/tr><\/tbody><\/table><\/figure>\n","protected":false},"excerpt":{"rendered":"<p>XXIII Niedziela Zwyk\u0142a&nbsp; &#8211;&nbsp; 06.09.2026 830 DROGOMIN +Marian i ++ z rodziny KIERZEK 1000 BRZE\u0179NO +Stefania KONOPSKA \u2013 w przypadaj\u0105ce imieniny oraz +Zofia BAKOWICZ \u2013 w rocznic\u0119 \u015bmierci 1130 D\u0141UGOSZYN +Tomasz GROCHOWSKI, +Stefania, W\u0142adys\u0142aw SAJA, +Karol, Stanis\u0142awa \u015aCIESZKA, ++ z tych rodzin 1300 TRZEB\u00d3W +Danuta KOWALCZYK \u2013 w 2m-ce po \u015bmierci \u2013 intencja od uczestnik\u00f3w [&hellip;]<\/p>\n","protected":false},"author":1,"featured_media":159,"comment_status":"closed","ping_status":"closed","sticky":false,"template":"","format":"standard","meta":{"footnotes":""},"categories":[2],"tags":[],"class_list":["post-1672","post","type-post","status-publish","format-standard","has-post-thumbnail","hentry","category-ogloszenia-parafialne"],"_links":{"self":[{"href":"https:\/\/mbrdlugoszyn.pl\/index.php?rest_route=\/wp\/v2\/posts\/1672","targetHints":{"allow":["GET"]}}],"collection":[{"href":"https:\/\/mbrdlugoszyn.pl\/index.php?rest_route=\/wp\/v2\/posts"}],"about":[{"href":"https:\/\/mbrdlugoszyn.pl\/index.php?rest_route=\/wp\/v2\/types\/post"}],"author":[{"embeddable":true,"href":"https:\/\/mbrdlugoszyn.pl\/index.php?rest_route=\/wp\/v2\/users\/1"}],"replies":[{"embeddable":true,"href":"https:\/\/mbrdlugoszyn.pl\/index.php?rest_route=%2Fwp%2Fv2%2Fcomments&post=1672"}],"version-history":[{"count":1,"href":"https:\/\/mbrdlugoszyn.pl\/index.php?rest_route=\/wp\/v2\/posts\/1672\/revisions"}],"predecessor-version":[{"id":1673,"href":"https:\/\/mbrdlugoszyn.pl\/index.php?rest_route=\/wp\/v2\/posts\/1672\/revisions\/1673"}],"wp:featuredmedia":[{"embeddable":true,"href":"https:\/\/mbrdlugoszyn.pl\/index.php?rest_route=\/wp\/v2\/media\/159"}],"wp:attachment":[{"href":"https:\/\/mbrdlugoszyn.pl\/index.php?rest_route=%2Fwp%2Fv2%2Fmedia&parent=1672"}],"wp:term":[{"taxonomy":"category","embeddable":true,"href":"https:\/\/mbrdlugoszyn.pl\/index.php?rest_route=%2Fwp%2Fv2%2Fcategories&post=1672"},{"taxonomy":"post_tag","embeddable":true,"href":"https:\/\/mbrdlugoszyn.pl\/index.php?rest_route=%2Fwp%2Fv2%2Ftags&post=1672"}],"curies":[{"name":"wp","href":"https:\/\/api.w.org\/{rel}","templated":true}]}}