{"id":1670,"date":"2026-09-05T11:01:01","date_gmt":"2026-09-05T09:01:01","guid":{"rendered":"https:\/\/mbrdlugoszyn.pl\/?p=1670"},"modified":"2026-09-05T11:01:01","modified_gmt":"2026-09-05T09:01:01","slug":"ogloszenia-06-wrzesnia-2026-r","status":"publish","type":"post","link":"https:\/\/mbrdlugoszyn.pl\/?p=1670","title":{"rendered":"Og\u0142oszenia &#8211; 06 wrze\u015bnia 2026 r."},"content":{"rendered":"\n<p>&nbsp;1.&nbsp;&nbsp;&nbsp;&nbsp; Porz\u0105dek nabo\u017ce\u0144stw w powszednie dni tygodnia:<\/p>\n\n\n\n<p>&nbsp;&nbsp;&nbsp;&nbsp;&nbsp;&nbsp;&nbsp;&nbsp;&nbsp;&nbsp;&nbsp; &#8211; we wtorekw Brze\u017anie o 17.30 r\u00f3\u017caniec, spowied\u017a, o 18.00 Msza \u015bw.,<\/p>\n\n\n\n<p>&nbsp;&nbsp;&nbsp;&nbsp;&nbsp;&nbsp;&nbsp;&nbsp;&nbsp;&nbsp;&nbsp; &#8211; w \u015brod\u0119w D\u0142ugoszynie o 17.30 r\u00f3\u017caniec, spowied\u017a, o 18.00 nowenna i Msza \u015bw.,<\/p>\n\n\n\n<p>&nbsp;&nbsp;&nbsp;&nbsp;&nbsp;&nbsp;&nbsp;&nbsp;&nbsp;&nbsp;&nbsp; &#8211; w czwartek w Drogominie nie b\u0119dzie Mszy \u015bw.,<\/p>\n\n\n\n<p>&nbsp;&nbsp;&nbsp;&nbsp;&nbsp;&nbsp;&nbsp;&nbsp;&nbsp;&nbsp;&nbsp; &#8211; w pi\u0105tek w Trzebowie o 17.30 r\u00f3\u017caniec, spowied\u017a, o 18.00 Msza \u015bw.,<\/p>\n\n\n\n<p>&nbsp;&nbsp;&nbsp;&nbsp;&nbsp;&nbsp;&nbsp;&nbsp;&nbsp;&nbsp;&nbsp; &#8211; w sobot\u0119 w D\u0142ugoszynie o 17.30 r\u00f3\u017caniec, spowied\u017a, o 18.00 Msza \u015bw.<\/p>\n\n\n\n<p>&nbsp;&nbsp;&nbsp; 2.&nbsp;&nbsp;&nbsp; Kancelaria czynna jest w \u015brod\u0119 od 16.00 do 17.00 i w sobot\u0119 od 10.00 do 11.00.<\/p>\n\n\n\n<p>W sprawach pilnych mo\u017cna dzwoni\u0107 na nr telefonu:&nbsp; <strong>507&nbsp;665&nbsp;970.<\/strong> &nbsp;&nbsp;&nbsp;&nbsp;&nbsp;&nbsp;&nbsp;&nbsp;&nbsp;<\/p>\n\n\n\n<p>3.&nbsp;&nbsp;&nbsp;&nbsp; Z racji przypadaj\u0105cego we wtorek \u015bwi\u0119ta Narodzenia Matki Bo\u017cej, po\u015bwi\u0119cenie ziarna siewnego i nasion nast\u0105pi w przysz\u0142\u0105 niedziel\u0119 w ka\u017cdym z naszych ko\u015bcio\u0142\u00f3w.<\/p>\n\n\n\n<p>4.&nbsp;&nbsp;&nbsp;&nbsp; Wsp\u00f3lnota Cichych Pracownik\u00f3w Krzy\u017ca zaprasza na turnusy rehabilitacyjne do Domu Uzdrowienia Chorych w G\u0142ogowie. Zainteresowane osoby zapraszam po odbi\u00f3r folder\u00f3w.<\/p>\n\n\n\n<p>5.&nbsp;&nbsp;&nbsp;&nbsp; W sobot\u0119 12 wrze\u015bnia odb\u0119dzie si\u0119 w Mi\u0119dzyrzeczu pielgrzymka dla m\u0119\u017cczyzn wraz z rodzinami w 1060 rocznic\u0119 Chrztu Polski i 600-lecie wizytacji Mi\u0119dzyrzecza przez kr\u00f3la W\u0142adys\u0142awa Jagie\u0142\u0142\u0119; przy wyj\u015bciu z ko\u015bcio\u0142a s\u0105 do wzi\u0119cia foldery informacyjne.<\/p>\n\n\n\n<p>6.&nbsp;&nbsp;&nbsp;&nbsp; Wyjazd&nbsp; do kina w Gorzowie na film fabularny &nbsp;\u201eMistyczka\u201d, w przysz\u0142\u0105 niedziel\u0119:<\/p>\n\n\n\n<p>&#8211; Sul\u0119cin o 14.40 z parkingu przy Szkole Podstawowej nr 1, &#8211; Rychlik o 14.50 z przystanku PKS,<\/p>\n\n\n\n<p>&nbsp;&#8211; Brze\u017ano o 14.55 z przystanku PKS, &#8211; Drogomin o 15.05 przy ko\u015bciele,<\/p>\n\n\n\n<p>&#8211; D\u0142ugoszyn o 15.10 przy \u015bwietlicy wiejskiej, &#8211; Trzeb\u00f3w o 15.15 z parkingu przy ko\u015bciele.<\/p>\n\n\n\n<p>&nbsp;Cena za bilet i przejazd: 50 z\u0142 (ministranci \u2013 25 z\u0142), zapisy jeszcze trwaj\u0105.<\/p>\n\n\n\n<p>7.&nbsp;&nbsp;&nbsp;&nbsp; <strong>D\u0142ugoszyn:<\/strong> w miesi\u0105cu sierpniu na fundusz remontowy ko\u015bcio\u0142a parafialnego zebrano:<\/p>\n\n\n\n<p><strong>1.840 z\u0142. <\/strong>Dzi\u0119kuj\u0119 wszystkim ofiarodawcom i osobom zbieraj\u0105cym ofiary.<\/p>\n\n\n\n<p>&nbsp; 8.&nbsp;&nbsp;&nbsp;&nbsp; Zapisy uczni\u00f3w klas si\u00f3dmych na przygotowanie do bierzmowania w sobot\u0119 o 12.00 w salce na plebani, wej\u015bcie od podw\u00f3rka \u2013 na to spotkanie m\u0142odzie\u017c przychodzi wraz z rodzicem (rodzicami).<\/p>\n\n\n\n<p>&nbsp; 9.&nbsp;&nbsp;&nbsp;&nbsp; Zapisy dzieci z klas trzecich na przygotowanie do I Spowiedzi i I Komunii \u015bw. w sobot\u0119 o 13.00 w salce na plebani, wej\u015bcie od podw\u00f3rka.<\/p>\n\n\n\n<p>10.&nbsp;&nbsp;&nbsp; Spotkanie z rodzicami m\u0142odzie\u017cy, kt\u00f3ra we wrze\u015bniu przyst\u0105pi do bierzmowania, w sobot\u0119 o 13.30 w salce na plebani, wej\u015bcie od podw\u00f3rka.<\/p>\n\n\n\n<p>11.&nbsp;&nbsp;&nbsp; Przy wyj\u015bciu z ko\u015bcio\u0142a mo\u017cna naby\u0107 za symboliczne 2 z\u0142 \u2013 kolejny numer naszego parafialnego Miesi\u0119cznika.<\/p>\n\n\n\n<p>&nbsp; 12.&nbsp;&nbsp;&nbsp; Intencje mszalne i sprz\u0105tanie ko\u015bcio\u0142a. &nbsp;&nbsp;<\/p>\n\n\n\n<p>&nbsp; 13.&nbsp;&nbsp;&nbsp; W pi\u0105tek prze\u017cywali\u015bmy wizytacj\u0119 wst\u0119pn\u0105. Parafia zosta\u0142a zwizytowana pod k\u0105tem duszpasterskim oraz ekonomiczno-gospodarczym. Dzi\u0119kuj\u0119 s\u0105siadom: pani Beacie, panu Mariuszowi, dzi\u0119kuj\u0119 pani Justynie Kad\u0142ubickiej za porz\u0105dne wysprz\u0105tanie plebani oraz terenu wok\u00f3\u0142 plebani. Dzi\u0119kuj\u0119 pani Anicie Sobczak i jej pomocnikom z Rychlika za catering obiadowy. Wizytacja Biskupa Adriana Puta b\u0119dzie mia\u0142a miejsce we wtorek 22 wrze\u015bnia.&nbsp;&nbsp;&nbsp;&nbsp;&nbsp;&nbsp;&nbsp;&nbsp;&nbsp;&nbsp;&nbsp;&nbsp;&nbsp;&nbsp;&nbsp;&nbsp;&nbsp;&nbsp;&nbsp;&nbsp;&nbsp;&nbsp;&nbsp;&nbsp;&nbsp;&nbsp;&nbsp;&nbsp;&nbsp;&nbsp;&nbsp; &nbsp;&nbsp;&nbsp;&nbsp;&nbsp;&nbsp;&nbsp;&nbsp;&nbsp;&nbsp;&nbsp;&nbsp;&nbsp;&nbsp;&nbsp;&nbsp;&nbsp;&nbsp;&nbsp;&nbsp;&nbsp;&nbsp;&nbsp;&nbsp;&nbsp;&nbsp;&nbsp;&nbsp;&nbsp;&nbsp;&nbsp;&nbsp;&nbsp;&nbsp;&nbsp;&nbsp;&nbsp;&nbsp;&nbsp;&nbsp;&nbsp;&nbsp;&nbsp;&nbsp;&nbsp;&nbsp;&nbsp;&nbsp;&nbsp;&nbsp;&nbsp;&nbsp;&nbsp;&nbsp;&nbsp;&nbsp;&nbsp;&nbsp;&nbsp;&nbsp;&nbsp;&nbsp;&nbsp;&nbsp;&nbsp;&nbsp;&nbsp;&nbsp;&nbsp;&nbsp;&nbsp;&nbsp;&nbsp;&nbsp;&nbsp;<\/p>\n\n\n\n<p><em>Ks.&nbsp; Daniel Dydak<\/em><\/p>\n","protected":false},"excerpt":{"rendered":"<p>&nbsp;1.&nbsp;&nbsp;&nbsp;&nbsp; Porz\u0105dek nabo\u017ce\u0144stw w powszednie dni tygodnia: &nbsp;&nbsp;&nbsp;&nbsp;&nbsp;&nbsp;&nbsp;&nbsp;&nbsp;&nbsp;&nbsp; &#8211; we wtorekw Brze\u017anie o 17.30 r\u00f3\u017caniec, spowied\u017a, o 18.00 Msza \u015bw., &nbsp;&nbsp;&nbsp;&nbsp;&nbsp;&nbsp;&nbsp;&nbsp;&nbsp;&nbsp;&nbsp; &#8211; w \u015brod\u0119w D\u0142ugoszynie o 17.30 r\u00f3\u017caniec, spowied\u017a, o 18.00 nowenna i Msza \u015bw., &nbsp;&nbsp;&nbsp;&nbsp;&nbsp;&nbsp;&nbsp;&nbsp;&nbsp;&nbsp;&nbsp; &#8211; w czwartek w Drogominie nie b\u0119dzie Mszy \u015bw., &nbsp;&nbsp;&nbsp;&nbsp;&nbsp;&nbsp;&nbsp;&nbsp;&nbsp;&nbsp;&nbsp; &#8211; w pi\u0105tek w Trzebowie o 17.30 r\u00f3\u017caniec, spowied\u017a, [&hellip;]<\/p>\n","protected":false},"author":1,"featured_media":160,"comment_status":"closed","ping_status":"closed","sticky":false,"template":"","format":"standard","meta":{"footnotes":""},"categories":[2],"tags":[],"class_list":["post-1670","post","type-post","status-publish","format-standard","has-post-thumbnail","hentry","category-ogloszenia-parafialne"],"_links":{"self":[{"href":"https:\/\/mbrdlugoszyn.pl\/index.php?rest_route=\/wp\/v2\/posts\/1670","targetHints":{"allow":["GET"]}}],"collection":[{"href":"https:\/\/mbrdlugoszyn.pl\/index.php?rest_route=\/wp\/v2\/posts"}],"about":[{"href":"https:\/\/mbrdlugoszyn.pl\/index.php?rest_route=\/wp\/v2\/types\/post"}],"author":[{"embeddable":true,"href":"https:\/\/mbrdlugoszyn.pl\/index.php?rest_route=\/wp\/v2\/users\/1"}],"replies":[{"embeddable":true,"href":"https:\/\/mbrdlugoszyn.pl\/index.php?rest_route=%2Fwp%2Fv2%2Fcomments&post=1670"}],"version-history":[{"count":1,"href":"https:\/\/mbrdlugoszyn.pl\/index.php?rest_route=\/wp\/v2\/posts\/1670\/revisions"}],"predecessor-version":[{"id":1671,"href":"https:\/\/mbrdlugoszyn.pl\/index.php?rest_route=\/wp\/v2\/posts\/1670\/revisions\/1671"}],"wp:featuredmedia":[{"embeddable":true,"href":"https:\/\/mbrdlugoszyn.pl\/index.php?rest_route=\/wp\/v2\/media\/160"}],"wp:attachment":[{"href":"https:\/\/mbrdlugoszyn.pl\/index.php?rest_route=%2Fwp%2Fv2%2Fmedia&parent=1670"}],"wp:term":[{"taxonomy":"category","embeddable":true,"href":"https:\/\/mbrdlugoszyn.pl\/index.php?rest_route=%2Fwp%2Fv2%2Fcategories&post=1670"},{"taxonomy":"post_tag","embeddable":true,"href":"https:\/\/mbrdlugoszyn.pl\/index.php?rest_route=%2Fwp%2Fv2%2Ftags&post=1670"}],"curies":[{"name":"wp","href":"https:\/\/api.w.org\/{rel}","templated":true}]}}