{"id":1578,"date":"2026-05-02T10:54:04","date_gmt":"2026-05-02T08:54:04","guid":{"rendered":"https:\/\/mbrdlugoszyn.pl\/?p=1578"},"modified":"2026-05-02T10:54:04","modified_gmt":"2026-05-02T08:54:04","slug":"ogloszenia-03-maja-2026-r","status":"publish","type":"post","link":"https:\/\/mbrdlugoszyn.pl\/?p=1578","title":{"rendered":"Og\u0142oszenia &#8211; 03 maja 2026 r."},"content":{"rendered":"\n<p>&nbsp;&nbsp; 1.&nbsp;&nbsp;&nbsp;&nbsp; Porz\u0105dek nabo\u017ce\u0144stw w dni powszednie tygodnia:<\/p>\n\n\n\n<p>&nbsp;&nbsp;&nbsp;&nbsp;&nbsp;&nbsp;&nbsp;&nbsp;&nbsp;&nbsp;&nbsp; &#8211; we wtorekw Brze\u017anie nie b\u0119dzie Mszy \u015bw.,<\/p>\n\n\n\n<p>&nbsp;&nbsp;&nbsp;&nbsp;&nbsp;&nbsp;&nbsp;&nbsp; &#8211; w \u015brod\u0119 w D\u0142ugoszynie o 17.30 spowied\u017a, r\u00f3\u017caniec, o 18.00 Msza \u015bw. i nabo\u017ce\u0144stwo majowe<\/p>\n\n\n\n<p>&nbsp;&nbsp;&nbsp;&nbsp;&nbsp;&nbsp;&nbsp;&nbsp; &#8211; w czwartek w Drogominie nie b\u0119dzie Mszy \u015bw.,<\/p>\n\n\n\n<p>&nbsp;&nbsp;&nbsp;&nbsp;&nbsp;&nbsp;&nbsp;&nbsp; &#8211; w pi\u0105tek w Trzebowie o 17.30 spowied\u017a, r\u00f3\u017caniec, o 18.00 Msza \u015bw. i nabo\u017ce\u0144stwo majowe<\/p>\n\n\n\n<p>&nbsp;&nbsp;&nbsp;&nbsp;&nbsp;&nbsp;&nbsp;&nbsp; &#8211; w sobot\u0119 w D\u0142ugoszynie o 17.30 spowied\u017a, r\u00f3\u017caniec, o 18.00 Msza \u015bw. i nabo\u017ce\u0144stwo majowe<\/p>\n\n\n\n<p>2.&nbsp;&nbsp;&nbsp;&nbsp;&nbsp; Kancelaria b\u0119dzie czynna w \u015brod\u0119 od 16.00 do 17.00 i w sobot\u0119 od 10.00 do 11.00.<\/p>\n\n\n\n<p>W sprawach pilnych mo\u017cna dzwoni\u0107 na nr telefonu:&nbsp; <strong>507&nbsp;665&nbsp;970.<\/strong> &nbsp;&nbsp;&nbsp;&nbsp;&nbsp;&nbsp;&nbsp;&nbsp;&nbsp; &nbsp;&nbsp;&nbsp;&nbsp;&nbsp;&nbsp;&nbsp;&nbsp;&nbsp;&nbsp;&nbsp;<\/p>\n\n\n\n<p>3.&nbsp;&nbsp;&nbsp;&nbsp;&nbsp; <strong>W przysz\u0142\u0105 niedziel\u0119 b\u0119dziemy \u015bwi\u0119towa\u0107 w D\u0142ugoszynie uroczysto\u015b\u0107 I Komunii&nbsp; \u015bw., st\u0105d Msza \u015bw. w Trzebowie b\u0119dzie o 11.30, a w D\u0142ugoszynie o 13.00.<\/strong> Przypomn\u0119, \u017ce I spowied\u017a jest w sobot\u0119 o 11.30 \u2013 o posprz\u0105tanie ko\u015bcio\u0142a prosz\u0119 rodzic\u00f3w dzieci I Komunijnych.<\/p>\n\n\n\n<p>4.&nbsp;&nbsp;&nbsp;&nbsp;&nbsp; Wychodz\u0105c z ko\u015bcio\u0142a mo\u017cna naby\u0107 nowy \u2013 10 numer &#8211; naszego Miesi\u0119cznika Parafialnego za symboliczne 2 z\u0142.<\/p>\n\n\n\n<p>5.&nbsp;&nbsp;&nbsp;&nbsp;&nbsp; Pielgrzymka do Cz\u0119stochowy przez Legnic\u0119: wyjazd w <strong>sobot\u0119 20 czerwca o 6.00 z D\u0142ugoszyna, a powr\u00f3t w niedziel\u0119 21 czerwca<\/strong> <strong>oko\u0142o 22.00<\/strong>. Koszt: 450 z\u0142 (ministranci: 300 z\u0142).<\/p>\n\n\n\n<p>6.&nbsp;&nbsp;&nbsp;&nbsp;&nbsp; <strong>D\u0142ugoszyn: <\/strong>Jak wida\u0107 na za\u0142\u0105czonym obrazku, w ostatnich tygodniach sfinalizowali\u015bmy kolejny etap remontu naszego ko\u015bcio\u0142a parafialnego. Sp\u00f3\u0142ka pan\u00f3w: Adama Jakubca i Kazimierza W\u0119glarza &#8211; wyczy\u015bci\u0142a i pomalowa\u0142a elewacj\u0119 zewn\u0119trzn\u0105 ko\u015bcio\u0142a, pomalowa\u0142a okna, naprawi\u0142a drewnian\u0105 podbitk\u0119 okalaj\u0105c\u0105 ko\u015bci\u00f3\u0142, przy okazji czyszcz\u0105c rynny. Za ca\u0142o\u015b\u0107 zap\u0142acili\u015bmy: 29.000 z\u0142 (z funduszu remontowego zbieranego po domach od naszych parafian, zap\u0142acili\u015bmy: 17.950 z\u0142, a pozosta\u0142\u0105 kwot\u0119: 11.050 z\u0142 ze \u015brodk\u00f3w parafialnych, czyli z tacy).<\/p>\n\n\n\n<p>&nbsp;&nbsp;&nbsp;7.&nbsp;&nbsp;&nbsp;&nbsp; Intencje mszalne i sprz\u0105tanie ko\u015bcio\u0142a.<\/p>\n\n\n\n<p>&nbsp;&nbsp;&nbsp; <em>Ks.&nbsp; Daniel Dydak<\/em><\/p>\n","protected":false},"excerpt":{"rendered":"<p>&nbsp;&nbsp; 1.&nbsp;&nbsp;&nbsp;&nbsp; Porz\u0105dek nabo\u017ce\u0144stw w dni powszednie tygodnia: &nbsp;&nbsp;&nbsp;&nbsp;&nbsp;&nbsp;&nbsp;&nbsp;&nbsp;&nbsp;&nbsp; &#8211; we wtorekw Brze\u017anie nie b\u0119dzie Mszy \u015bw., &nbsp;&nbsp;&nbsp;&nbsp;&nbsp;&nbsp;&nbsp;&nbsp; &#8211; w \u015brod\u0119 w D\u0142ugoszynie o 17.30 spowied\u017a, r\u00f3\u017caniec, o 18.00 Msza \u015bw. i nabo\u017ce\u0144stwo majowe &nbsp;&nbsp;&nbsp;&nbsp;&nbsp;&nbsp;&nbsp;&nbsp; &#8211; w czwartek w Drogominie nie b\u0119dzie Mszy \u015bw., &nbsp;&nbsp;&nbsp;&nbsp;&nbsp;&nbsp;&nbsp;&nbsp; &#8211; w pi\u0105tek w Trzebowie o 17.30 spowied\u017a, r\u00f3\u017caniec, o [&hellip;]<\/p>\n","protected":false},"author":1,"featured_media":160,"comment_status":"closed","ping_status":"closed","sticky":false,"template":"","format":"standard","meta":[],"categories":[2],"tags":[],"_links":{"self":[{"href":"https:\/\/mbrdlugoszyn.pl\/index.php?rest_route=\/wp\/v2\/posts\/1578"}],"collection":[{"href":"https:\/\/mbrdlugoszyn.pl\/index.php?rest_route=\/wp\/v2\/posts"}],"about":[{"href":"https:\/\/mbrdlugoszyn.pl\/index.php?rest_route=\/wp\/v2\/types\/post"}],"author":[{"embeddable":true,"href":"https:\/\/mbrdlugoszyn.pl\/index.php?rest_route=\/wp\/v2\/users\/1"}],"replies":[{"embeddable":true,"href":"https:\/\/mbrdlugoszyn.pl\/index.php?rest_route=%2Fwp%2Fv2%2Fcomments&post=1578"}],"version-history":[{"count":1,"href":"https:\/\/mbrdlugoszyn.pl\/index.php?rest_route=\/wp\/v2\/posts\/1578\/revisions"}],"predecessor-version":[{"id":1579,"href":"https:\/\/mbrdlugoszyn.pl\/index.php?rest_route=\/wp\/v2\/posts\/1578\/revisions\/1579"}],"wp:featuredmedia":[{"embeddable":true,"href":"https:\/\/mbrdlugoszyn.pl\/index.php?rest_route=\/wp\/v2\/media\/160"}],"wp:attachment":[{"href":"https:\/\/mbrdlugoszyn.pl\/index.php?rest_route=%2Fwp%2Fv2%2Fmedia&parent=1578"}],"wp:term":[{"taxonomy":"category","embeddable":true,"href":"https:\/\/mbrdlugoszyn.pl\/index.php?rest_route=%2Fwp%2Fv2%2Fcategories&post=1578"},{"taxonomy":"post_tag","embeddable":true,"href":"https:\/\/mbrdlugoszyn.pl\/index.php?rest_route=%2Fwp%2Fv2%2Ftags&post=1578"}],"curies":[{"name":"wp","href":"https:\/\/api.w.org\/{rel}","templated":true}]}}