{"id":1576,"date":"2026-05-02T10:52:52","date_gmt":"2026-05-02T08:52:52","guid":{"rendered":"https:\/\/mbrdlugoszyn.pl\/?p=1576"},"modified":"2026-05-02T10:52:53","modified_gmt":"2026-05-02T08:52:53","slug":"intencje-03-maja-2026-r","status":"publish","type":"post","link":"https:\/\/mbrdlugoszyn.pl\/?p=1576","title":{"rendered":"Intencje &#8211; 03 maja 2026 r."},"content":{"rendered":"\n<figure class=\"wp-block-table\"><table><tbody><tr><td><strong>V Niedziela Wielkanocna&nbsp; &#8211;&nbsp; 03.05.2026<\/strong><\/td><\/tr><tr><td><strong>8<sup>30<\/sup><\/strong><strong><\/strong><\/td><td><strong>DROGOMIN<\/strong><strong> <\/strong><strong><\/strong><\/td><td><strong>+Stanis\u0142aw ZACHARCZUK<\/strong><\/td><\/tr><tr><td><strong>10<sup>00<\/sup><\/strong><strong><\/strong><\/td><td><strong>BRZE\u0179NO<\/strong><\/td><td><strong>+Anna, W\u0142adys\u0142aw, Helena, Tadeusz CIEPLAK, +Adela, Antoni FIGIEL, +Franciszek GURGACZ, +Anna, Jan WINIARSCY<\/strong><\/td><\/tr><tr><td><strong>11<sup>30<\/sup><\/strong><strong><\/strong><\/td><td><strong>D\u0141UGOSZYN<\/strong><strong><\/strong><\/td><td><strong>Dzi\u0119kczynna w intencji os\u00f3b tworz\u0105cych w D\u0142ugoszynie grup\u0119 \u017bywego R\u00f3\u017ca\u0144ca, o dalsze Bo\u017ce b\u0142ogos\u0142awie\u0144stwo, opiek\u0119 Matki Naj\u015bwi\u0119tszej i zdrowie, a dla zmar\u0142ych o rado\u015b\u0107 \u017cycia w Niebie<\/strong><\/td><\/tr><tr><td><strong>13<sup>00<\/sup><\/strong><strong><\/strong><\/td><td><strong>TRZEB\u00d3W<\/strong><strong><\/strong><\/td><td><strong>+Anastazja, W\u0142adys\u0142aw, Maria, Eliasz, Jan, ++ z rodz. HRYCAJ, +Anna, Micha\u0142, Maria, ++ z rodz. KOSZULI\u0143SKICH<\/strong><\/td><\/tr><tr><td><strong>Poniedzia\u0142ek&nbsp; \u2013 04.05.2026<\/strong><strong><\/strong><\/td><\/tr><tr><td><strong>&#8212;&#8211;<\/strong><strong><\/strong><\/td><td><strong>&#8212;&#8212;&#8212;&#8212;&#8211;<\/strong><\/td><td><strong>&#8212;&#8212;&#8212;&#8212;&#8212;&#8212;&#8212;&#8212;&#8212;&#8212;&#8212;&#8212;&#8212;&#8212;&#8212;&#8212;&#8212;&#8212;&#8212;&#8212;&#8212;&#8212;&#8212;&#8212;&#8212;&#8212;&#8212;&#8212;&#8212;&#8212;&#8212;&#8212;&#8212;&#8212;&#8212;<\/strong><\/td><\/tr><tr><td><strong>Wtorek&nbsp; &#8211; <\/strong><strong>&nbsp;05.05.2026<\/strong><\/td><\/tr><tr><td><strong>18<sup>00<\/sup><\/strong><strong><\/strong><\/td><td><strong>BRZE\u0179NO<\/strong><\/td><td><strong>&#8212;&#8212;&#8212;&#8212;&#8212;&#8212;&#8212;&#8212;&#8212;&#8212;&#8212;&#8212;&#8212;&#8212;&#8212;&#8212;&#8212;&#8212;&#8212;&#8212;&#8212;&#8212;&#8212;&#8212;&#8212;&#8212;&#8212;&#8212;&#8212;&#8212;&#8212;&#8212;&#8212;&#8212;&#8211;<\/strong><\/td><\/tr><tr><td><strong>\u015aroda&nbsp; &#8211; 06.05.2026<\/strong><\/td><\/tr><tr><td><strong>18<sup>00<\/sup><\/strong><strong><\/strong><\/td><td><strong>D\u0141UGOSZYN<\/strong><strong><\/strong><\/td><td><strong>+Adam K\u0141UCI\u0143SKI<\/strong><\/td><\/tr><tr><td><strong>Czwartek&nbsp; &#8211;&nbsp; <\/strong><strong>07.05.2026<\/strong><\/td><\/tr><tr><td><strong>18<sup>00<\/sup><\/strong><strong><\/strong><\/td><td><strong>DROGOMIN<\/strong><strong><\/strong><\/td><td><strong>&#8212;&#8212;&#8212;&#8212;&#8212;&#8212;&#8212;&#8212;&#8212;&#8212;&#8212;&#8212;&#8212;&#8212;&#8212;&#8212;&#8212;&#8212;&#8212;&#8212;&#8212;&#8212;&#8212;&#8212;&#8212;&#8212;&#8212;&#8212;&#8212;&#8212;&#8212;&#8212;&#8212;&#8212;&#8211;<\/strong><\/td><\/tr><tr><td><strong>Pi\u0105tek&nbsp; &#8211;&nbsp; 08.05.2026<\/strong><\/td><\/tr><tr><td><strong>18<sup>00<\/sup><\/strong><strong><\/strong><\/td><td><strong>TRZEB\u00d3W<\/strong><strong><\/strong><\/td><td><strong>&nbsp;<\/strong><\/td><\/tr><tr><td><strong>Sobota\u00a0 &#8211;\u00a0 09.05.2026<\/strong><\/td><\/tr><tr><td><strong>18<sup>00<\/sup><\/strong><strong><\/strong><\/td><td><strong>D\u0141UGOSZYN<\/strong><strong><\/strong><\/td><td><strong>+Krystyna GOLECKA \u2013 w rocznic\u0119 \u015bmierci<\/strong><\/td><\/tr><tr><td><strong>VI Niedziela Wielkanocna&nbsp; &#8211;&nbsp; 10.05.2026<\/strong><strong><\/strong><\/td><\/tr><tr><td><strong>8<sup>30<\/sup><\/strong><strong><\/strong><\/td><td><strong>DROGOMIN<\/strong><strong><\/strong><\/td><td><strong>Dzi\u0119kczynno-b\u0142agalna w intencji Ireny i Jolanty z okazji urodzin, w podzi\u0119kowaniu za otrzymane \u0142aski i z pro\u015bb\u0105 o wype\u0142nienie woli Bo\u017cej w ich \u017cyciu<\/strong><\/td><\/tr><tr><td><strong>10<sup>00<\/sup><\/strong><strong><\/strong><\/td><td><strong>BRZE\u0179NO<\/strong><\/td><td><strong>+Irena KONOPSKA \u2013 w przypadaj\u0105ce imieniny oraz +Zofia BAKOWICZ \u2013 r\u00f3wnie\u017c w przypadaj\u0105ce imieniny<\/strong><\/td><\/tr><tr><td><strong>11<sup>30<\/sup><\/strong><strong><\/strong><\/td><td><strong>TRZEB\u00d3W<\/strong><strong><\/strong><\/td><td><strong>+Janina, Antoni, Helena, J\u00f3zef MI\u0118KINA oraz +Anna, Micha\u0142 KSEL<\/strong><\/td><\/tr><tr><td><strong>13<sup>00<\/sup><\/strong><strong><\/strong><\/td><td><strong>D\u0141UGOSZYN<\/strong><strong><\/strong><\/td><td><strong>UROCZYSTO\u015a\u0106 I KOMUNII \u015aWI\u0118TEJ<\/strong><\/td><\/tr><\/tbody><\/table><\/figure>\n\n\n\n<p><\/p>\n","protected":false},"excerpt":{"rendered":"<p>V Niedziela Wielkanocna&nbsp; &#8211;&nbsp; 03.05.2026 830 DROGOMIN +Stanis\u0142aw ZACHARCZUK 1000 BRZE\u0179NO +Anna, W\u0142adys\u0142aw, Helena, Tadeusz CIEPLAK, +Adela, Antoni FIGIEL, +Franciszek GURGACZ, +Anna, Jan WINIARSCY 1130 D\u0141UGOSZYN Dzi\u0119kczynna w intencji os\u00f3b tworz\u0105cych w D\u0142ugoszynie grup\u0119 \u017bywego R\u00f3\u017ca\u0144ca, o dalsze Bo\u017ce b\u0142ogos\u0142awie\u0144stwo, opiek\u0119 Matki Naj\u015bwi\u0119tszej i zdrowie, a dla zmar\u0142ych o rado\u015b\u0107 \u017cycia w Niebie 1300 TRZEB\u00d3W [&hellip;]<\/p>\n","protected":false},"author":1,"featured_media":159,"comment_status":"closed","ping_status":"closed","sticky":false,"template":"","format":"standard","meta":[],"categories":[2],"tags":[],"_links":{"self":[{"href":"https:\/\/mbrdlugoszyn.pl\/index.php?rest_route=\/wp\/v2\/posts\/1576"}],"collection":[{"href":"https:\/\/mbrdlugoszyn.pl\/index.php?rest_route=\/wp\/v2\/posts"}],"about":[{"href":"https:\/\/mbrdlugoszyn.pl\/index.php?rest_route=\/wp\/v2\/types\/post"}],"author":[{"embeddable":true,"href":"https:\/\/mbrdlugoszyn.pl\/index.php?rest_route=\/wp\/v2\/users\/1"}],"replies":[{"embeddable":true,"href":"https:\/\/mbrdlugoszyn.pl\/index.php?rest_route=%2Fwp%2Fv2%2Fcomments&post=1576"}],"version-history":[{"count":1,"href":"https:\/\/mbrdlugoszyn.pl\/index.php?rest_route=\/wp\/v2\/posts\/1576\/revisions"}],"predecessor-version":[{"id":1577,"href":"https:\/\/mbrdlugoszyn.pl\/index.php?rest_route=\/wp\/v2\/posts\/1576\/revisions\/1577"}],"wp:featuredmedia":[{"embeddable":true,"href":"https:\/\/mbrdlugoszyn.pl\/index.php?rest_route=\/wp\/v2\/media\/159"}],"wp:attachment":[{"href":"https:\/\/mbrdlugoszyn.pl\/index.php?rest_route=%2Fwp%2Fv2%2Fmedia&parent=1576"}],"wp:term":[{"taxonomy":"category","embeddable":true,"href":"https:\/\/mbrdlugoszyn.pl\/index.php?rest_route=%2Fwp%2Fv2%2Fcategories&post=1576"},{"taxonomy":"post_tag","embeddable":true,"href":"https:\/\/mbrdlugoszyn.pl\/index.php?rest_route=%2Fwp%2Fv2%2Ftags&post=1576"}],"curies":[{"name":"wp","href":"https:\/\/api.w.org\/{rel}","templated":true}]}}